{"id":10511,"date":"2024-09-11T13:07:06","date_gmt":"2024-09-11T12:07:06","guid":{"rendered":"https:\/\/www.opcina-kiseljak.org\/web\/?p=10511"},"modified":"2024-09-11T13:07:06","modified_gmt":"2024-09-11T12:07:06","slug":"federalno-ministarstvo-raseljenih-osoba-i-izbjeglica-donira-gradevinski-materijal-za-13-korisnika-iz-kiseljaka","status":"publish","type":"post","link":"https:\/\/www.opcina-kiseljak.org\/web\/10511\/","title":{"rendered":"FEDERALNO MINISTARSTVO RASELJENIH OSOBA I IZBJEGLICA DONIRA GRA\u0110EVINSKI MATERIJAL ZA 13 KORISNIKA IZ KISELJAKA"},"content":{"rendered":"<p>Federalno ministarstvo raseljenih osoba i izbjeglica danas je, u prostorijama Gradske vije\u0107nice u Kiseljaku, \u00a0uprili\u010dilo potpisivanje ugovora za 13 korisnika s podru\u010dja op\u0107ine Kiseljak o donaciji gra\u0111evinskog materijala s pozicije &#8221;Teku\u0107i transferi pojedincima \u2013 Transfer za raseljene osobe i povratnike&#8221; iz Prora\u010duna Federacije BiH za 2024. godinu.<\/p>\n<p>Ugovore je ispred Op\u0107ine Kiseljak potpisao na\u010delnik, Mladen Mi\u0161uri\u0107-Ramljak, a na potpisivanju je bila i predstavnica spomenutog Ministarstva, Jasminka \u0110onli\u0107.<\/p>\n<p>Prije dono\u0161enja Odluke o dodjeli gra\u0111evinskog materijala predstavnik Ministarstva posjetio je svakog od potencijalnih korisnika, te je utvrdio \u0161to je od materijala potrebno za svakog korisnika ponaosob.<\/p>\n<p>Naime, u listopadu 2023. godine Federalno ministarstvo raseljenih osoba i izbjeglica objavilo je Javni poziv izbjeglicama iz BiH, raseljenim osobama i povratnicima u BiH za obnovu i rekonstrukciju stambenih jedinica za razdoblje 2024. i 2025. godina iz Programa za obnovu stambenih jedinica dodjelom gra\u0111evinskog materijala. Nakon provedenih procedura Povjerenstvo je izvr\u0161ilo odabir potencijalnih korisnika, te \u0107e se za 13 korisnika s Kona\u010dne rang liste iz op\u0107ine Kiseljak izvr\u0161iti dodjela gra\u0111evinskog materijala.<\/p>\n<p>Spomenuta procedura provodi se u cilju pru\u017eanja pomo\u0107i raseljenim osobama, povratnicima i izbjeglicama, sukladno Odluci Vlade Federacije BiH o usvajanju Programa utro\u0161ka sredstava s kriterijima raspodjele s pozicije &#8221;Teku\u0107i transferi pojedincima \u2013 Transferi za raseljene osobe i povratnike&#8221;, \u0161to je utvr\u0111eno Prora\u010dunom Federacije BiH za 2024. godinu.<\/p>\n<p><img loading=\"lazy\" decoding=\"async\" class=\"alignnone size-medium wp-image-10513\" src=\"https:\/\/www.opcina-kiseljak.org\/web\/wp-content\/uploads\/2024\/09\/IMG-1faece90e23716ed1acbf79be8bd3ccb-V-300x225.jpg\" alt=\"\" width=\"300\" height=\"225\" \/> <img loading=\"lazy\" decoding=\"async\" class=\"alignnone size-medium wp-image-10514\" src=\"https:\/\/www.opcina-kiseljak.org\/web\/wp-content\/uploads\/2024\/09\/IMG-2bb8e8d0e9a4c4fdd505d605dcbab150-V-300x225.jpg\" alt=\"\" width=\"300\" height=\"225\" \/> <img loading=\"lazy\" decoding=\"async\" class=\"alignnone size-medium wp-image-10515\" src=\"https:\/\/www.opcina-kiseljak.org\/web\/wp-content\/uploads\/2024\/09\/IMG-2da6ba444669a256e81ca6d250333b2e-V-300x225.jpg\" alt=\"\" width=\"300\" height=\"225\" \/> <img loading=\"lazy\" decoding=\"async\" class=\"alignnone size-medium wp-image-10516\" src=\"https:\/\/www.opcina-kiseljak.org\/web\/wp-content\/uploads\/2024\/09\/IMG-5f163be3ac85b7949bc76618c6297430-V-300x225.jpg\" alt=\"\" width=\"300\" height=\"225\" \/> <img loading=\"lazy\" decoding=\"async\" class=\"alignnone size-medium wp-image-10517\" src=\"https:\/\/www.opcina-kiseljak.org\/web\/wp-content\/uploads\/2024\/09\/IMG-6dcc157e974c14d3b36607646d57e222-V-300x225.jpg\" alt=\"\" width=\"300\" height=\"225\" \/> <img loading=\"lazy\" decoding=\"async\" class=\"alignnone size-medium wp-image-10518\" src=\"https:\/\/www.opcina-kiseljak.org\/web\/wp-content\/uploads\/2024\/09\/IMG-07b5bf30d0af1e1ce301e52da3433545-V-300x225.jpg\" alt=\"\" width=\"300\" height=\"225\" \/> <img loading=\"lazy\" decoding=\"async\" class=\"alignnone size-medium wp-image-10519\" src=\"https:\/\/www.opcina-kiseljak.org\/web\/wp-content\/uploads\/2024\/09\/IMG-8ded95a7d2ae412d2ac4a9553c1fc8be-V-300x225.jpg\" alt=\"\" width=\"300\" height=\"225\" \/> <img loading=\"lazy\" decoding=\"async\" class=\"alignnone size-medium wp-image-10520\" src=\"https:\/\/www.opcina-kiseljak.org\/web\/wp-content\/uploads\/2024\/09\/IMG-10dcd5c12ade19dd7134306984b8875c-V-300x225.jpg\" alt=\"\" width=\"300\" height=\"225\" \/> <img loading=\"lazy\" decoding=\"async\" class=\"alignnone size-medium wp-image-10521\" src=\"https:\/\/www.opcina-kiseljak.org\/web\/wp-content\/uploads\/2024\/09\/IMG-11a3b1f07c5b58c469feeb0caa284076-V-300x225.jpg\" alt=\"\" width=\"300\" height=\"225\" \/> <img loading=\"lazy\" decoding=\"async\" class=\"alignnone size-medium wp-image-10522\" src=\"https:\/\/www.opcina-kiseljak.org\/web\/wp-content\/uploads\/2024\/09\/IMG-47d3d77a8fa70dd2a77f08c0a2faad3a-V-300x225.jpg\" alt=\"\" width=\"300\" height=\"225\" \/> <img loading=\"lazy\" decoding=\"async\" class=\"alignnone size-medium wp-image-10523\" src=\"https:\/\/www.opcina-kiseljak.org\/web\/wp-content\/uploads\/2024\/09\/IMG-048fe281f2a1771861793f951467b936-V-300x225.jpg\" alt=\"\" width=\"300\" height=\"225\" \/> <img loading=\"lazy\" decoding=\"async\" class=\"alignnone size-medium wp-image-10524\" src=\"https:\/\/www.opcina-kiseljak.org\/web\/wp-content\/uploads\/2024\/09\/IMG-68e9f2796deb5822d670deb0ae868949-V-300x225.jpg\" alt=\"\" width=\"300\" height=\"225\" \/> <img loading=\"lazy\" decoding=\"async\" class=\"alignnone size-medium wp-image-10525\" src=\"https:\/\/www.opcina-kiseljak.org\/web\/wp-content\/uploads\/2024\/09\/IMG-259f8bf05814cc2fc6c739576ed48512-V-300x225.jpg\" alt=\"\" width=\"300\" height=\"225\" \/> <img loading=\"lazy\" decoding=\"async\" class=\"alignnone size-medium wp-image-10526\" src=\"https:\/\/www.opcina-kiseljak.org\/web\/wp-content\/uploads\/2024\/09\/IMG-306a49c9b87584b12b345afb9a8b82e9-V-300x225.jpg\" alt=\"\" width=\"300\" height=\"225\" \/> <img loading=\"lazy\" decoding=\"async\" class=\"alignnone size-medium wp-image-10527\" src=\"https:\/\/www.opcina-kiseljak.org\/web\/wp-content\/uploads\/2024\/09\/IMG-8874fa167d9cfa67a6bdc4e42a98af9f-V-300x225.jpg\" alt=\"\" width=\"300\" height=\"225\" \/> <img loading=\"lazy\" decoding=\"async\" class=\"alignnone size-medium wp-image-10528\" src=\"https:\/\/www.opcina-kiseljak.org\/web\/wp-content\/uploads\/2024\/09\/IMG-297954030b6351825f05116885d62bd7-V-300x225.jpg\" alt=\"\" width=\"300\" height=\"225\" \/> <img loading=\"lazy\" decoding=\"async\" class=\"alignnone size-medium wp-image-10529\" src=\"https:\/\/www.opcina-kiseljak.org\/web\/wp-content\/uploads\/2024\/09\/IMG-a2f5d7a3d22e1a414206a5c5ddf98132-V-300x225.jpg\" alt=\"\" width=\"300\" height=\"225\" \/> <img loading=\"lazy\" decoding=\"async\" class=\"alignnone size-medium wp-image-10530\" src=\"https:\/\/www.opcina-kiseljak.org\/web\/wp-content\/uploads\/2024\/09\/IMG-a408a0b89d6022ae7f51d99e8fac131e-V-300x225.jpg\" alt=\"\" width=\"300\" height=\"225\" \/> <img loading=\"lazy\" decoding=\"async\" class=\"alignnone size-medium wp-image-10531\" src=\"https:\/\/www.opcina-kiseljak.org\/web\/wp-content\/uploads\/2024\/09\/IMG-bc429f54a12393d4d8bdb1855589339d-V-300x225.jpg\" alt=\"\" width=\"300\" height=\"225\" \/> <img loading=\"lazy\" decoding=\"async\" class=\"alignnone size-medium wp-image-10532\" src=\"https:\/\/www.opcina-kiseljak.org\/web\/wp-content\/uploads\/2024\/09\/IMG-bf56997630da74dcfa7ec857304cfc60-V-1-300x225.jpg\" alt=\"\" width=\"300\" height=\"225\" \/> <img loading=\"lazy\" decoding=\"async\" class=\"alignnone size-medium wp-image-10533\" src=\"https:\/\/www.opcina-kiseljak.org\/web\/wp-content\/uploads\/2024\/09\/IMG-cbbfa1304ea3394ff6c6c36f980e1f68-V-300x225.jpg\" alt=\"\" width=\"300\" height=\"225\" \/> <img loading=\"lazy\" decoding=\"async\" class=\"alignnone size-medium wp-image-10534\" src=\"https:\/\/www.opcina-kiseljak.org\/web\/wp-content\/uploads\/2024\/09\/IMG-e95ca5339dd066a6a17f44b6328206d3-V-300x225.jpg\" alt=\"\" width=\"300\" height=\"225\" \/><\/p>\n<p>&nbsp;<\/p>\n","protected":false},"excerpt":{"rendered":"<p>Federalno ministarstvo raseljenih osoba i izbjeglica danas je, u prostorijama Gradske vije\u0107nice u Kiseljaku, \u00a0uprili\u010dilo potpisivanje ugovora za 13 korisnika s podru\u010dja op\u0107ine Kiseljak o donaciji gra\u0111evinskog materijala s pozicije &#8221;Teku\u0107i transferi pojedincima \u2013 Transfer za raseljene osobe i povratnike&#8221; iz Prora\u010duna Federacije BiH za 2024. godinu. Ugovore je ispred Op\u0107ine Kiseljak potpisao na\u010delnik, Mladen [&hellip;]<\/p>\n","protected":false},"author":6,"featured_media":10512,"comment_status":"closed","ping_status":"closed","sticky":false,"template":"","format":"standard","meta":{"_et_pb_use_builder":"","_et_pb_old_content":"","_et_gb_content_width":"","footnotes":""},"categories":[9,10],"tags":[],"class_list":["post-10511","post","type-post","status-publish","format-standard","has-post-thumbnail","hentry","category-news","category-nnotification"],"_links":{"self":[{"href":"https:\/\/www.opcina-kiseljak.org\/web\/wp-json\/wp\/v2\/posts\/10511","targetHints":{"allow":["GET"]}}],"collection":[{"href":"https:\/\/www.opcina-kiseljak.org\/web\/wp-json\/wp\/v2\/posts"}],"about":[{"href":"https:\/\/www.opcina-kiseljak.org\/web\/wp-json\/wp\/v2\/types\/post"}],"author":[{"embeddable":true,"href":"https:\/\/www.opcina-kiseljak.org\/web\/wp-json\/wp\/v2\/users\/6"}],"replies":[{"embeddable":true,"href":"https:\/\/www.opcina-kiseljak.org\/web\/wp-json\/wp\/v2\/comments?post=10511"}],"version-history":[{"count":0,"href":"https:\/\/www.opcina-kiseljak.org\/web\/wp-json\/wp\/v2\/posts\/10511\/revisions"}],"wp:featuredmedia":[{"embeddable":true,"href":"https:\/\/www.opcina-kiseljak.org\/web\/wp-json\/wp\/v2\/media\/10512"}],"wp:attachment":[{"href":"https:\/\/www.opcina-kiseljak.org\/web\/wp-json\/wp\/v2\/media?parent=10511"}],"wp:term":[{"taxonomy":"category","embeddable":true,"href":"https:\/\/www.opcina-kiseljak.org\/web\/wp-json\/wp\/v2\/categories?post=10511"},{"taxonomy":"post_tag","embeddable":true,"href":"https:\/\/www.opcina-kiseljak.org\/web\/wp-json\/wp\/v2\/tags?post=10511"}],"curies":[{"name":"wp","href":"https:\/\/api.w.org\/{rel}","templated":true}]}}