{"id":10704,"date":"2024-10-14T11:21:51","date_gmt":"2024-10-14T10:21:51","guid":{"rendered":"https:\/\/www.opcina-kiseljak.org\/web\/?p=10704"},"modified":"2024-10-14T11:21:51","modified_gmt":"2024-10-14T10:21:51","slug":"proglasen-prestanak-stanja-prirodne-nesrece-na-podrucju-opcine-kiseljak","status":"publish","type":"post","link":"https:\/\/www.opcina-kiseljak.org\/web\/10704\/","title":{"rendered":"PROGLA\u0160EN PRESTANAK STANJA PRIRODNE NESRE\u0106E NA PODRU\u010cJU OP\u0106INE KISELJAK"},"content":{"rendered":"<p>Na temelju \u010dlanka 15. Zakona o na\u010delima lokalne samouprave u F BiH (&#8221;Sl. novine Federacije BiH&#8221; broj: 49\/06 i 51\/09), \u00a0\u010dlanka 39. statuta Op\u0107ine Kiseljak (&#8221;Sl. glasnik Op\u0107ine Kiseljak&#8221; broj: 03\/09 i 03\/12), \u010dlanka 29. to\u010dka 7. Zakona o za\u0161titi i spa\u0161avanju ljudi i materijalnih dobara od prirodnih i drugih nesre\u0107a (&#8220;Slu\u017ebene novine Federacije BiH&#8221; broj: 39\/03, 22\/06 i 43\/10), \u010dlanka 32. Pravilnika o na\u010dinu rada i funkcioniranja \u0160tabova i povjerenika civilne za\u0161tite (&#8220;Slu\u017ebene novine Federacije BiH&#8221; broj: 77\/06, 5\/07 i 32\/14), a uzimaju\u0107i u obzir informacije s terena, na prijedlog op\u0107inskog Sto\u017eera civilne za\u0161tite, na\u010delnik Op\u0107ine Kiseljak, na sjednici odr\u017eanoj\u00a0 14.10.2024 godine, d o n o s i:<\/p>\n<p>&nbsp;<\/p>\n<p><strong>O D L U K U<\/strong><\/p>\n<p><strong>o progla\u0161enju prestanka stanja nesre\u0107e uzrokovane obilnim padalinama na podru\u010dju op\u0107ine Kiseljak<\/strong><\/p>\n<p>&nbsp;<\/p>\n<p><strong>\u010clanak 1.<\/strong><\/p>\n<p><strong>\u00a0<\/strong><\/p>\n<p>Odluka o progla\u0161enju stanja nesre\u0107e uzrokovane obilnim padalinama na podru\u010dju op\u0107ine Kiseljak broj: 01-37-3776\/24 od 04.10.2024. godine stavlja se van snage s danom 14.10.2024.godine.<\/p>\n<p>&nbsp;<\/p>\n<p><strong>\u010clanak 2. <\/strong><\/p>\n<p><strong>\u00a0<\/strong><\/p>\n<p>Raspu\u0161ta se Sto\u017eer civilne za\u0161tite koji je rukovodio akcijama na ugro\u017eenom podru\u010dju op\u0107ine Kiseljak za vrijeme stanja prirodne nepogode .<\/p>\n<p>&nbsp;<\/p>\n<p><strong>\u010clanak 3.<\/strong><\/p>\n<p><strong>\u00a0<\/strong><\/p>\n<p>Prestaje se s anga\u017eiranjem snaga Civilne za\u0161tite koje su bile raspore\u0111ene na za\u0161titi i spa\u0161avanju za vrijeme prirodne nepogode.<\/p>\n<p>&nbsp;<\/p>\n<p><strong>\u010clanak 4.<\/strong><\/p>\n<p>Stavljaju se van snage:<\/p>\n<ol>\n<li>Naredba broj: 01-37-3776-2\/24 izdata Jedinici op\u0107e namjene mje\u0161ovitog sastava od 04.10.2024. godine:<\/li>\n<li>Naredba broj: 01-37-3776-3\/24 izdata Slu\u017ebi za za\u0161titu i spa\u0161avanje iz ru\u0161evina od 04.10.2024.godine;<\/li>\n<li>Naredba broj: 01-37-3776-4\/24 izdata Profesionalnoj vatrogasnoj postrojbi op\u0107ine Kiseljak od 04.10.2024. godine;<\/li>\n<li>Naredba broj: 01-37-3776-5\/24 izdata Dobrovoljnom vatrogasnom dru\u0161tvu Kiseljak od 04.10.2024. godine;<\/li>\n<li>Naredba broj: 01-37-3776-6\/24 izdata Slu\u017ebi za za\u0161titu i spa\u0161avanje od po\u017eara od 04.10.2024. godine;<\/li>\n<li>Naredba broj: 01-37-3776-7\/24 izdata poduze\u0107u JP &#8221;Vodovod i kanalizacija&#8221; d.o.o. Kiseljak od 04.10.2024. godine;<\/li>\n<li>Naredba broj: 01-37-3776-8\/24 izdata J.U. &#8221;Dom zdravlja Kiseljak&#8221; Kiseljak od 04.10.2024. godine;<\/li>\n<li>Naredba broj: 01-37-3776-9\/24 izdata poduze\u0107u JP &#8221;Elektroprivreda HZ HB&#8221; d.d. Mostar, poslovnica Kiseljak od 04.10.2024. godine;<\/li>\n<li>Naredba broj: 01-37-3776-10\/24 izdata ovla\u0161tenim veterinarskim stanicama s podru\u010dja op\u0107ine Kiseljak od 04.10.2024. godine;<\/li>\n<li>Naredba broj: 01-37-3776-11\/24 izdata Policijskoj stanici Kiseljak od 04.10.2024. godine;<\/li>\n<li>Naredba broj: 01-37-3776-12\/24 izdata Crvenom kri\u017eu op\u0107ine Kiseljak od 04.10.2024. godine.<\/li>\n<\/ol>\n<p>&nbsp;<\/p>\n<p><strong>\u00a0\u00a0\u00a0\u00a0\u00a0\u00a0\u00a0\u00a0\u00a0\u00a0\u00a0\u00a0\u00a0\u00a0\u00a0\u00a0\u00a0\u00a0\u00a0\u00a0\u00a0\u00a0\u00a0\u00a0\u00a0\u00a0\u00a0\u00a0\u00a0\u00a0\u00a0\u00a0\u00a0\u00a0\u00a0\u00a0\u00a0\u00a0\u00a0\u00a0\u00a0\u00a0\u00a0\u00a0\u00a0\u00a0\u00a0\u00a0\u00a0\u00a0\u00a0 \u010clanak 5.<\/strong><\/p>\n<p><strong>\u00a0<\/strong><\/p>\n<p>Obvezuju se tijela uprave, odnosno op\u0107inske slu\u017ebe za upravu, da u okviru svoje redovite djelatnosti obavljaju i dodatne poslove koji se odnose na otklanjanje svih posljedica koje su nastale od prirodne nepogode.<\/p>\n<p>&nbsp;<\/p>\n<p><strong>\u00a0\u00a0\u00a0\u00a0\u00a0\u00a0\u00a0\u00a0\u00a0\u00a0\u00a0\u00a0\u00a0\u00a0\u00a0\u00a0\u00a0\u00a0\u00a0\u00a0\u00a0\u00a0\u00a0\u00a0\u00a0\u00a0\u00a0\u00a0\u00a0\u00a0\u00a0\u00a0\u00a0\u00a0\u00a0\u00a0\u00a0\u00a0\u00a0\u00a0\u00a0\u00a0\u00a0\u00a0\u00a0\u00a0\u00a0\u00a0\u00a0\u00a0\u00a0 \u010clanak 6.<\/strong><\/p>\n<p><strong>\u00a0<\/strong><\/p>\n<p>Zadu\u017euje se op\u0107insko Povjerenstvo za procjenu \u0161tete da, sukladno Uredbi o jedinstvenoj metodologiji za procjenu \u0161teta od prirodnih i drugih nesre\u0107a (&#8220;Slu\u017ebene novine Federacije BiH&#8221; broj: 75\/04, 38\/06, 52\/09, 56\/09 i 36\/14), u roku od 30 dana izradi izvje\u0161\u0107e o \u0161tetama .<\/p>\n<p>&nbsp;<\/p>\n<p><strong>\u00a0\u00a0\u00a0\u00a0\u00a0\u00a0\u00a0\u00a0\u00a0\u00a0\u00a0\u00a0\u00a0\u00a0\u00a0\u00a0\u00a0\u00a0\u00a0\u00a0\u00a0\u00a0\u00a0\u00a0\u00a0\u00a0\u00a0\u00a0\u00a0\u00a0\u00a0\u00a0\u00a0\u00a0\u00a0\u00a0\u00a0\u00a0\u00a0\u00a0\u00a0\u00a0\u00a0\u00a0\u00a0\u00a0\u00a0\u00a0\u00a0\u00a0\u00a0\u00a0 \u010clanak 8. <\/strong><\/p>\n<p><strong>\u00a0<\/strong><\/p>\n<p>Odluka stupa na snagu danom dono\u0161enja i bit \u0107e objavljena u &#8221;Slu\u017ebenom glasniku Op\u0107ine Kiseljak&#8221;, te na oglasnoj plo\u010di i na web stranici Op\u0107ine.<\/p>\n<p>&nbsp;<\/p>\n<p>&nbsp;<\/p>\n<p><strong>\u00a0\u00a0\u00a0\u00a0\u00a0\u00a0\u00a0\u00a0\u00a0\u00a0\u00a0\u00a0\u00a0\u00a0\u00a0\u00a0\u00a0\u00a0\u00a0\u00a0\u00a0\u00a0\u00a0\u00a0\u00a0\u00a0\u00a0\u00a0\u00a0\u00a0\u00a0\u00a0\u00a0\u00a0\u00a0\u00a0\u00a0\u00a0\u00a0\u00a0\u00a0\u00a0\u00a0\u00a0\u00a0\u00a0\u00a0\u00a0\u00a0 Obrazlo\u017eenje<\/strong><\/p>\n<p>&nbsp;<\/p>\n<p>Dana 04.10.2024. godine na prijedlog op\u0107inskog Sto\u017eera civilne za\u0161tite Na\u010delnik op\u0107ine Kiseljak donio je Odluku o progla\u0161enju stanja nesre\u0107e uzrokovane obilnim padalinama na podru\u010dju op\u0107ine Kiseljak broj: 01-37-3776\/24 od 04.10.2024. godine. Na temelju Odluke o progla\u0161enju stanja nesre\u0107e uzrokovane obilnim padalinama na podru\u010dju op\u0107ine Kiseljak izdane su naredbe svim slu\u017ebama i jedinicama za\u0161tite i spa\u0161avanja na podru\u010dju op\u0107ine Kiseljak, institucijama i pravnim osobama koji mogu pridonijeti u za\u0161titi u spa\u0161avanju ljudi i materijalnih dobara na ugro\u017eenom podru\u010dju op\u0107ine Kiseljak.<\/p>\n<p>&nbsp;<\/p>\n<p>Dana, 14.10.2024. godine odr\u017ean je sastanak Sto\u017eera civilne za\u0161tite Op\u0107ine Kiseljak, te je, na \u00a0temelju prikupljenih informacija s terena i izvje\u0161\u0107a svih \u010dlanova Sto\u017eera, kao i predstavnika nadle\u017enih slu\u017ebi, procijenjeno kako su se stekli uvjeti za dono\u0161enje Odluke o progla\u0161enju prestanka stanja nesre\u0107e uzrokovane obilnim padalinama na podru\u010dju op\u0107ine Kiseljak.<\/p>\n<p>&nbsp;<\/p>\n<p>&nbsp;<\/p>\n<p><strong>NA\u010cELNIK\u00a0\u00a0\u00a0\u00a0\u00a0\u00a0\u00a0\u00a0 <\/strong><\/p>\n<p><strong>OP\u0106INE KISELJAK<\/strong><\/p>\n<p><strong>Mladen Mi\u0161uri\u0107-Ramljak, dipl.ing<\/strong>.<\/p>\n<p><strong>\u00a0 \u00a0 <img loading=\"lazy\" decoding=\"async\" class=\"alignnone size-medium wp-image-10707\" src=\"https:\/\/www.opcina-kiseljak.org\/web\/wp-content\/uploads\/2024\/10\/IMG-a36bca5a99378e1b1e93109886c4db39-V-300x225.jpg\" alt=\"\" width=\"300\" height=\"225\" \/> <img loading=\"lazy\" decoding=\"async\" class=\"alignnone size-medium wp-image-10708\" src=\"https:\/\/www.opcina-kiseljak.org\/web\/wp-content\/uploads\/2024\/10\/IMG-fbaa888ba81961137a81cf0170868987-V-300x225.jpg\" alt=\"\" width=\"300\" height=\"225\" \/><\/strong><\/p>\n","protected":false},"excerpt":{"rendered":"<p>Na temelju \u010dlanka 15. Zakona o na\u010delima lokalne samouprave u F BiH (&#8221;Sl. novine Federacije BiH&#8221; broj: 49\/06 i 51\/09), \u00a0\u010dlanka 39. statuta Op\u0107ine Kiseljak (&#8221;Sl. glasnik Op\u0107ine Kiseljak&#8221; broj: 03\/09 i 03\/12), \u010dlanka 29. to\u010dka 7. Zakona o za\u0161titi i spa\u0161avanju ljudi i materijalnih dobara od prirodnih i drugih nesre\u0107a (&#8220;Slu\u017ebene novine Federacije BiH&#8221; [&hellip;]<\/p>\n","protected":false},"author":6,"featured_media":10707,"comment_status":"closed","ping_status":"closed","sticky":false,"template":"","format":"standard","meta":{"_et_pb_use_builder":"","_et_pb_old_content":"","_et_gb_content_width":"","footnotes":""},"categories":[9,10],"tags":[],"class_list":["post-10704","post","type-post","status-publish","format-standard","has-post-thumbnail","hentry","category-news","category-nnotification"],"_links":{"self":[{"href":"https:\/\/www.opcina-kiseljak.org\/web\/wp-json\/wp\/v2\/posts\/10704","targetHints":{"allow":["GET"]}}],"collection":[{"href":"https:\/\/www.opcina-kiseljak.org\/web\/wp-json\/wp\/v2\/posts"}],"about":[{"href":"https:\/\/www.opcina-kiseljak.org\/web\/wp-json\/wp\/v2\/types\/post"}],"author":[{"embeddable":true,"href":"https:\/\/www.opcina-kiseljak.org\/web\/wp-json\/wp\/v2\/users\/6"}],"replies":[{"embeddable":true,"href":"https:\/\/www.opcina-kiseljak.org\/web\/wp-json\/wp\/v2\/comments?post=10704"}],"version-history":[{"count":0,"href":"https:\/\/www.opcina-kiseljak.org\/web\/wp-json\/wp\/v2\/posts\/10704\/revisions"}],"wp:featuredmedia":[{"embeddable":true,"href":"https:\/\/www.opcina-kiseljak.org\/web\/wp-json\/wp\/v2\/media\/10707"}],"wp:attachment":[{"href":"https:\/\/www.opcina-kiseljak.org\/web\/wp-json\/wp\/v2\/media?parent=10704"}],"wp:term":[{"taxonomy":"category","embeddable":true,"href":"https:\/\/www.opcina-kiseljak.org\/web\/wp-json\/wp\/v2\/categories?post=10704"},{"taxonomy":"post_tag","embeddable":true,"href":"https:\/\/www.opcina-kiseljak.org\/web\/wp-json\/wp\/v2\/tags?post=10704"}],"curies":[{"name":"wp","href":"https:\/\/api.w.org\/{rel}","templated":true}]}}