{"id":10777,"date":"2024-11-06T14:14:51","date_gmt":"2024-11-06T13:14:51","guid":{"rendered":"https:\/\/www.opcina-kiseljak.org\/web\/?p=10777"},"modified":"2024-11-07T08:17:36","modified_gmt":"2024-11-07T07:17:36","slug":"potpredsjednik-federacije-bih-refik-lendo-boravio-u-sluzbenoj-posjeti-opcini-kiseljak","status":"publish","type":"post","link":"https:\/\/www.opcina-kiseljak.org\/web\/10777\/","title":{"rendered":"Potpredsjednik Federacije BiH Refik Lendo boravio u slu\u017ebenoj posjeti op\u0107ini Kiseljak"},"content":{"rendered":"<div class=\"et_pb_slider et_pb_slider_fullwidth_off et_pb_gallery_post_type\">\n\t\t\t\t<div class=\"et_pb_slides\">\n\t\t\t\t\t<div class=\"et_pb_slide\" style=\"background: url(https:\/\/www.opcina-kiseljak.org\/web\/wp-content\/uploads\/2024\/11\/20241106_111523-scaled.jpg);\"><\/div><div class=\"et_pb_slide\" style=\"background: url(https:\/\/www.opcina-kiseljak.org\/web\/wp-content\/uploads\/2024\/11\/20241106_111541-scaled.jpg);\"><\/div><div class=\"et_pb_slide\" style=\"background: url(https:\/\/www.opcina-kiseljak.org\/web\/wp-content\/uploads\/2024\/11\/20241106_111541-1-scaled.jpg);\"><\/div><div class=\"et_pb_slide\" style=\"background: url(https:\/\/www.opcina-kiseljak.org\/web\/wp-content\/uploads\/2024\/11\/20241106_111528-scaled.jpg);\"><\/div>\n\t\t\t\t<\/div>\n\t\t\t<\/div>\n<p>&nbsp;<\/p>\n<p><span style=\"color: #000000;\">Potpredsjednik Federacije BiH Refik Lendo sa suradnicima posjetio je op\u0107inu Kiseljak, u uredu na\u010delnika Mladena Mi\u0161uri\u0107a Ramljaka uprili\u010den je sastanak.<\/span><br \/>\n<span style=\"color: #000000;\">Na\u010delnik je predstavio rad Op\u0107ine i aktualne projekte, s naglaskom na saniranje \u0161teta nastalih uslijed prirodne nesre\u0107e uzrokovanim obilnim padalinama dana 4. 10. 2024. godine.<\/span><\/p>\n<p><span style=\"color: #000000;\">Razgovaralo se i o gospodarskom razvoju te realizaciji infrastrukturnih projekata i potpore vi\u0161ih razina vlasti.<\/span><\/p>\n","protected":false},"excerpt":{"rendered":"<p>&nbsp; Potpredsjednik Federacije BiH Refik Lendo sa suradnicima posjetio je op\u0107inu Kiseljak, u uredu na\u010delnika Mladena Mi\u0161uri\u0107a Ramljaka uprili\u010den je sastanak. Na\u010delnik je predstavio rad Op\u0107ine i aktualne projekte, s naglaskom na saniranje \u0161teta nastalih uslijed prirodne nesre\u0107e uzrokovanim obilnim padalinama dana 4. 10. 2024. godine. Razgovaralo se i o gospodarskom razvoju te realizaciji infrastrukturnih [&hellip;]<\/p>\n","protected":false},"author":12,"featured_media":10781,"comment_status":"closed","ping_status":"closed","sticky":false,"template":"","format":"standard","meta":{"_et_pb_use_builder":"","_et_pb_old_content":"","_et_gb_content_width":"","footnotes":""},"categories":[9],"tags":[],"class_list":["post-10777","post","type-post","status-publish","format-standard","has-post-thumbnail","hentry","category-news"],"_links":{"self":[{"href":"https:\/\/www.opcina-kiseljak.org\/web\/wp-json\/wp\/v2\/posts\/10777","targetHints":{"allow":["GET"]}}],"collection":[{"href":"https:\/\/www.opcina-kiseljak.org\/web\/wp-json\/wp\/v2\/posts"}],"about":[{"href":"https:\/\/www.opcina-kiseljak.org\/web\/wp-json\/wp\/v2\/types\/post"}],"author":[{"embeddable":true,"href":"https:\/\/www.opcina-kiseljak.org\/web\/wp-json\/wp\/v2\/users\/12"}],"replies":[{"embeddable":true,"href":"https:\/\/www.opcina-kiseljak.org\/web\/wp-json\/wp\/v2\/comments?post=10777"}],"version-history":[{"count":0,"href":"https:\/\/www.opcina-kiseljak.org\/web\/wp-json\/wp\/v2\/posts\/10777\/revisions"}],"wp:featuredmedia":[{"embeddable":true,"href":"https:\/\/www.opcina-kiseljak.org\/web\/wp-json\/wp\/v2\/media\/10781"}],"wp:attachment":[{"href":"https:\/\/www.opcina-kiseljak.org\/web\/wp-json\/wp\/v2\/media?parent=10777"}],"wp:term":[{"taxonomy":"category","embeddable":true,"href":"https:\/\/www.opcina-kiseljak.org\/web\/wp-json\/wp\/v2\/categories?post=10777"},{"taxonomy":"post_tag","embeddable":true,"href":"https:\/\/www.opcina-kiseljak.org\/web\/wp-json\/wp\/v2\/tags?post=10777"}],"curies":[{"name":"wp","href":"https:\/\/api.w.org\/{rel}","templated":true}]}}