{"id":11496,"date":"2025-06-06T10:00:38","date_gmt":"2025-06-06T09:00:38","guid":{"rendered":"https:\/\/www.opcina-kiseljak.org\/web\/?p=11496"},"modified":"2025-06-06T10:00:38","modified_gmt":"2025-06-06T09:00:38","slug":"cestitka-predsjedavajuceg-opcinskog-vijeca-kiseljak-2","status":"publish","type":"post","link":"https:\/\/www.opcina-kiseljak.org\/web\/11496\/","title":{"rendered":"\u010cestitka predsjedavaju\u0107eg Op\u0107inskog vije\u0107a Kiseljak"},"content":{"rendered":"<div class=\"et_pb_slider et_pb_slider_fullwidth_off et_pb_gallery_post_type\">\n\t\t\t\t<div class=\"et_pb_slides\">\n\t\t\t\t\t<div class=\"et_pb_slide\" style=\"background: url(https:\/\/www.opcina-kiseljak.org\/web\/wp-content\/uploads\/2025\/06\/IMG-20250606-WA0000.jpg);\"><\/div>\n\t\t\t\t<\/div>\n\t\t\t<\/div>\n<p>&nbsp;<\/p>\n<p><span style=\"color: #000000;\">Drage sugra\u0111anke i sugra\u0111ani,<\/span><\/p>\n<p><span style=\"color: #000000;\">povodom nastupaju\u0107eg Kurban bajrama, svim vjernicima islamske vjeroispovijesti upu\u0107ujem iskrene \u010destitke, uz \u017eelju da blagdan provedu u miru, zdravlju i porodi\u010dnoj sre\u0107i. <\/span><span style=\"color: #000000;\">Vrijednosti koje Kurban bajram nosi \u2014 solidarnost, razumijevanje i briga za bli\u017enje \u2014 univerzalne su poruke koje nas sve mogu nadahnuti na ja\u010danje me\u0111usobnog po\u0161tovanja i zajedni\u0161tva u na\u0161oj op\u0107ini. <\/span><span style=\"color: #000000;\">Neka nam ovi blagdanski dani budu prilika da dodatno u\u010dvrstimo duh zajedni\u0161tva i uva\u017eavanja me\u0111u svim gra\u0111anima Kiseljaka.<\/span><\/p>\n<p><span style=\"color: #000000;\">Bajram \u0161erif mubarek olsun!<\/span><\/p>\n<p style=\"text-align: center;\"><span style=\"color: #000000;\">Elvedin Mu\u0161anovi\u0107<\/span><br \/>\n<span style=\"color: #000000;\">Predsjedavaju\u0107i Op\u0107inskog vije\u0107a Kiseljak<\/span><\/p>\n<p>&nbsp;<\/p>\n","protected":false},"excerpt":{"rendered":"<p>&nbsp; Drage sugra\u0111anke i sugra\u0111ani, povodom nastupaju\u0107eg Kurban bajrama, svim vjernicima islamske vjeroispovijesti upu\u0107ujem iskrene \u010destitke, uz \u017eelju da blagdan provedu u miru, zdravlju i porodi\u010dnoj sre\u0107i. Vrijednosti koje Kurban bajram nosi \u2014 solidarnost, razumijevanje i briga za bli\u017enje \u2014 univerzalne su poruke koje nas sve mogu nadahnuti na ja\u010danje me\u0111usobnog po\u0161tovanja i zajedni\u0161tva u [&hellip;]<\/p>\n","protected":false},"author":12,"featured_media":11497,"comment_status":"closed","ping_status":"closed","sticky":false,"template":"","format":"standard","meta":{"_et_pb_use_builder":"","_et_pb_old_content":"","_et_gb_content_width":"","footnotes":""},"categories":[9,10],"tags":[],"class_list":["post-11496","post","type-post","status-publish","format-standard","has-post-thumbnail","hentry","category-news","category-nnotification"],"_links":{"self":[{"href":"https:\/\/www.opcina-kiseljak.org\/web\/wp-json\/wp\/v2\/posts\/11496","targetHints":{"allow":["GET"]}}],"collection":[{"href":"https:\/\/www.opcina-kiseljak.org\/web\/wp-json\/wp\/v2\/posts"}],"about":[{"href":"https:\/\/www.opcina-kiseljak.org\/web\/wp-json\/wp\/v2\/types\/post"}],"author":[{"embeddable":true,"href":"https:\/\/www.opcina-kiseljak.org\/web\/wp-json\/wp\/v2\/users\/12"}],"replies":[{"embeddable":true,"href":"https:\/\/www.opcina-kiseljak.org\/web\/wp-json\/wp\/v2\/comments?post=11496"}],"version-history":[{"count":0,"href":"https:\/\/www.opcina-kiseljak.org\/web\/wp-json\/wp\/v2\/posts\/11496\/revisions"}],"wp:featuredmedia":[{"embeddable":true,"href":"https:\/\/www.opcina-kiseljak.org\/web\/wp-json\/wp\/v2\/media\/11497"}],"wp:attachment":[{"href":"https:\/\/www.opcina-kiseljak.org\/web\/wp-json\/wp\/v2\/media?parent=11496"}],"wp:term":[{"taxonomy":"category","embeddable":true,"href":"https:\/\/www.opcina-kiseljak.org\/web\/wp-json\/wp\/v2\/categories?post=11496"},{"taxonomy":"post_tag","embeddable":true,"href":"https:\/\/www.opcina-kiseljak.org\/web\/wp-json\/wp\/v2\/tags?post=11496"}],"curies":[{"name":"wp","href":"https:\/\/api.w.org\/{rel}","templated":true}]}}