{"id":11749,"date":"2025-09-02T12:51:54","date_gmt":"2025-09-02T11:51:54","guid":{"rendered":"https:\/\/www.opcina-kiseljak.org\/web\/?p=11749"},"modified":"2025-09-02T12:51:54","modified_gmt":"2025-09-02T11:51:54","slug":"najava-9-redovite-sjednice-opcinskog-vijeca-kiseljak","status":"publish","type":"post","link":"https:\/\/www.opcina-kiseljak.org\/web\/11749\/","title":{"rendered":"Najava 9. redovite sjednice Op\u0107inskog vije\u0107a Kiseljak"},"content":{"rendered":"<p><span style=\"color: #000000;\">\u00a09. redovita sjednica Op\u0107inskog vije\u0107a Kiseljak odr\u017eat \u0107e se dana\u00a0 9. 9. 2025. godine u 18 sati. Sjednica \u0107e se odr\u017eati u zgradi Vije\u0107nice Op\u0107ine Kiseljak.<\/span><\/p>\n<p><span style=\"color: #000000;\">Za sjednicu je\u00a0 predlo\u017een sljede\u0107i:<\/span><\/p>\n<p><span style=\"color: #000000;\">Dnevni red:<\/span><\/p>\n<p><span style=\"color: #000000;\">1. Odluku o usvajanju izvje\u0161\u0107a o izvr\u0161enju Prora\u010duna i prora\u010dunske pri\u010duve Op\u0107ine Kiseljak za razdoblje od 1. 1. do 30. 6. 2025. godine<\/span><br \/>\n<span style=\"color: #000000;\">2. Odluka o izmjenama Prora\u010duna Op\u0107ine Kiseljak za 2025. godinu<\/span><br \/>\n<span style=\"color: #000000;\">3. Odluka o izmjenama Odluke o izvr\u0161avanju prora\u010duna Op\u0107ine Kiseljak za 2025. godinu<\/span><br \/>\n<span style=\"color: #000000;\">4. Odluka o izmjenama Odluke o raspodjeli sredstava teku\u0107ih transfera za 2025. godinu<\/span><br \/>\n<span style=\"color: #000000;\">5. Odluka o usvajanju programa raspodjele sredstava prikupljenih za saniranje \u0161teta nastalih uslijed poplava<\/span><br \/>\n<span style=\"color: #000000;\">6. Zaklju\u010dak o usvajanju Izvje\u0161\u0107a o reviziji financijskih izvje\u0161\u0107a Op\u0107ine Kiseljak za 2024. godinu<\/span><br \/>\n<span style=\"color: #000000;\">7. Zaklju\u010dak o prihva\u0107anju zamolbe vlasnika stambenog objekata<\/span><br \/>\n<span style=\"color: #000000;\">8. Odluka o izmjenama i dopunama Odluke o utvr\u0111ivanju platnih razreda i koeficijenata za pla\u0107e, dodataka na pla\u0107u i naknada pla\u0107e izabranih du\u017enosnika, op\u0107inskog na\u010delnika, nositelja izvr\u0161nih funkcija, savjetnika, op\u0107inskog pravobranitelja, zamjenika op\u0107inskog pravobranitelja, dr\u017eavnih slu\u017ebenika i namje\u0161tenika u Jedinstvenom op\u0107inskom tijelu uprave Op\u0107ine Kiseljak<\/span><br \/>\n<span style=\"color: #000000;\">9. Odluka o usvajanju Izvje\u0161\u0107a o provedenim aktivnostima javnog nadmetanja za prodaju nekretnine na temelju Odluke o prodaji i kriterijima za prodaju nekretnine u vlasni\u0161tvu Op\u0107ine Kiseljak putem javnog nadmetanja broj: 01\/1-27-2958\/25 od 11. 7. 2025. godine i davanju ovlasti na\u010delniku Op\u0107ine za potpisivanje Ugovora o kupoprodaji nekretnine<\/span><br \/>\n<span style=\"color: #000000;\">10. Odluka o imenovanju \u010dlanova Skup\u0161tine Turisti\u010dke zajednice Op\u0107ine Kiseljak<\/span><br \/>\n<span style=\"color: #000000;\">11. Odluka o imenovanju \u010dlana Nadzornog odbora Turisti\u010dke zajednice Op\u0107ine Kiseljak<\/span><br \/>\n<span style=\"color: #000000;\">12. Odluka o davanju suglasnosti na Rje\u0161enje o imenovanju Predsjednika Turisti\u010dkog vije\u0107a Turisti\u010dke zajednice Op\u0107ine Kiseljak<\/span><\/p>\n<p>&nbsp;<\/p>\n","protected":false},"excerpt":{"rendered":"<p>\u00a09. redovita sjednica Op\u0107inskog vije\u0107a Kiseljak odr\u017eat \u0107e se dana\u00a0 9. 9. 2025. godine u 18 sati. Sjednica \u0107e se odr\u017eati u zgradi Vije\u0107nice Op\u0107ine Kiseljak. Za sjednicu je\u00a0 predlo\u017een sljede\u0107i: Dnevni red: 1. Odluku o usvajanju izvje\u0161\u0107a o izvr\u0161enju Prora\u010duna i prora\u010dunske pri\u010duve Op\u0107ine Kiseljak za razdoblje od 1. 1. do 30. 6. 2025. [&hellip;]<\/p>\n","protected":false},"author":12,"featured_media":10313,"comment_status":"closed","ping_status":"closed","sticky":false,"template":"","format":"standard","meta":{"_et_pb_use_builder":"","_et_pb_old_content":"","_et_gb_content_width":"","footnotes":""},"categories":[9,10],"tags":[],"class_list":["post-11749","post","type-post","status-publish","format-standard","has-post-thumbnail","hentry","category-news","category-nnotification"],"_links":{"self":[{"href":"https:\/\/www.opcina-kiseljak.org\/web\/wp-json\/wp\/v2\/posts\/11749","targetHints":{"allow":["GET"]}}],"collection":[{"href":"https:\/\/www.opcina-kiseljak.org\/web\/wp-json\/wp\/v2\/posts"}],"about":[{"href":"https:\/\/www.opcina-kiseljak.org\/web\/wp-json\/wp\/v2\/types\/post"}],"author":[{"embeddable":true,"href":"https:\/\/www.opcina-kiseljak.org\/web\/wp-json\/wp\/v2\/users\/12"}],"replies":[{"embeddable":true,"href":"https:\/\/www.opcina-kiseljak.org\/web\/wp-json\/wp\/v2\/comments?post=11749"}],"version-history":[{"count":0,"href":"https:\/\/www.opcina-kiseljak.org\/web\/wp-json\/wp\/v2\/posts\/11749\/revisions"}],"wp:featuredmedia":[{"embeddable":true,"href":"https:\/\/www.opcina-kiseljak.org\/web\/wp-json\/wp\/v2\/media\/10313"}],"wp:attachment":[{"href":"https:\/\/www.opcina-kiseljak.org\/web\/wp-json\/wp\/v2\/media?parent=11749"}],"wp:term":[{"taxonomy":"category","embeddable":true,"href":"https:\/\/www.opcina-kiseljak.org\/web\/wp-json\/wp\/v2\/categories?post=11749"},{"taxonomy":"post_tag","embeddable":true,"href":"https:\/\/www.opcina-kiseljak.org\/web\/wp-json\/wp\/v2\/tags?post=11749"}],"curies":[{"name":"wp","href":"https:\/\/api.w.org\/{rel}","templated":true}]}}