{"id":12043,"date":"2025-12-12T14:14:59","date_gmt":"2025-12-12T13:14:59","guid":{"rendered":"https:\/\/www.opcina-kiseljak.org\/web\/?p=12043"},"modified":"2025-12-12T14:14:59","modified_gmt":"2025-12-12T13:14:59","slug":"priopcenje-za-javnost-nacelnika-mladena-misurica-ramljaka","status":"publish","type":"post","link":"https:\/\/www.opcina-kiseljak.org\/web\/12043\/","title":{"rendered":"PRIOP\u0106ENJE ZA JAVNOST NA\u010cELNIKA MLADENA MI\u0160URI\u0106A-RAMLJAKA"},"content":{"rendered":"<p>U posljednjih nekoliko dana svjedoci smo brojnih verbalnih napada kako na Op\u0107inu Kiseljak tako i na \u010dlanove obitelji Pulji\u0107, a sve to izazvano je objavom snimka verbalnog incidenta koji se nedavno dogodio u naselju Borina u Kiseljaku.<\/p>\n<p>Prije svega nagla\u0161avam kako je neprihvatljivo na bilo koji na\u010din iznositi prijetnje bilo komu i nisam imao namjeru uop\u0107e se ogla\u0161avati u vezi spomenutog incidenta. Me\u0111utim, na ovakvu reakciju me naveo gospodin Marinko Pulji\u0107 koji je do\u0161ao u zgradu Op\u0107ine da se ispri\u010da i ka\u017ee kako mu je \u017eao \u0161to se Op\u0107ina Kiseljak dovodi u vezu sa spomenutim incidentom. Gospodin Pulji\u0107 izrazio je ogromno \u017ealjenje zbog cijelog ovog doga\u0111aja i posljedica koje je on izazvao, \u0161to dovoljno govori o tomu kakav je stav \u010dlanova obitelji Pulji\u0107, te da ne \u017eele \u0161irenje me\u0111unacionalne mr\u017enje, nego im je cilj njegovanje dobrosusjedskih odnosa.<\/p>\n<p>Stoga pozivam sve da se suzdr\u017ee od komentara o ovom incidentu na dru\u0161tvenim mre\u017eama, te nagla\u0161avam kako ni\u010dija sigurnost nije ugro\u017eena u Kiseljaku, a posebno ne od strane \u010dlanova obitelji Pulji\u0107.<\/p>\n<p>U prilog tomu ide i \u010dinjenica kako je akter spomenutog doga\u0111aja, Vedran Pulji\u0107, u izjavi za portal Kiseljak.info naglasio kako doga\u0111aj nije imao nikakvu nacionalnu, vjersku, niti politi\u010dku pozadinu, nego je njegov cilj bio sa\u010duvati imovinu susjeda, budu\u0107i je posumnjao kako u vikendicu koja se nalazi do njegove ku\u0107e netko \u017eeli nasilno u\u0107i, \u0161to ga je ponukalo da pozove policiju.<\/p>\n<p>Niti jedan gost u Kiseljaku ne treba i ne mo\u017ee se osje\u0107ati ugro\u017eeno i ne treba brinuti za svoju sigurnost, jer nikada nije zabilje\u017een napad na nekoga tko kao gost boravi u na\u0161em gradu, posebno ne fizi\u010dki napad. Dok su s druge strane u Kiseljaku ugro\u017eeni pojedini njegovi stanovnici, \u0161to potvr\u0111uje \u010dinjenica kako je nedavno, u dva navrata, zabilje\u017een \u010din paljenja automobila djelatnicima Op\u0107ine Ru\u017ei Mrnjavac i Nikoli Grube\u0161i\u0107u.<\/p>\n<p>&nbsp;<\/p>\n<p>NA\u010cELNIK<\/p>\n<p>OP\u0106INE KISELJAK<\/p>\n<p>Mladen Mi\u0161uri\u0107-Ramljak, dipl. ing.<\/p>\n","protected":false},"excerpt":{"rendered":"<p>U posljednjih nekoliko dana svjedoci smo brojnih verbalnih napada kako na Op\u0107inu Kiseljak tako i na \u010dlanove obitelji Pulji\u0107, a sve to izazvano je objavom snimka verbalnog incidenta koji se nedavno dogodio u naselju Borina u Kiseljaku. Prije svega nagla\u0161avam kako je neprihvatljivo na bilo koji na\u010din iznositi prijetnje bilo komu i nisam imao namjeru [&hellip;]<\/p>\n","protected":false},"author":6,"featured_media":12045,"comment_status":"closed","ping_status":"closed","sticky":false,"template":"","format":"standard","meta":{"_et_pb_use_builder":"","_et_pb_old_content":"","_et_gb_content_width":"","footnotes":""},"categories":[9,10],"tags":[],"class_list":["post-12043","post","type-post","status-publish","format-standard","has-post-thumbnail","hentry","category-news","category-nnotification"],"_links":{"self":[{"href":"https:\/\/www.opcina-kiseljak.org\/web\/wp-json\/wp\/v2\/posts\/12043","targetHints":{"allow":["GET"]}}],"collection":[{"href":"https:\/\/www.opcina-kiseljak.org\/web\/wp-json\/wp\/v2\/posts"}],"about":[{"href":"https:\/\/www.opcina-kiseljak.org\/web\/wp-json\/wp\/v2\/types\/post"}],"author":[{"embeddable":true,"href":"https:\/\/www.opcina-kiseljak.org\/web\/wp-json\/wp\/v2\/users\/6"}],"replies":[{"embeddable":true,"href":"https:\/\/www.opcina-kiseljak.org\/web\/wp-json\/wp\/v2\/comments?post=12043"}],"version-history":[{"count":0,"href":"https:\/\/www.opcina-kiseljak.org\/web\/wp-json\/wp\/v2\/posts\/12043\/revisions"}],"wp:featuredmedia":[{"embeddable":true,"href":"https:\/\/www.opcina-kiseljak.org\/web\/wp-json\/wp\/v2\/media\/12045"}],"wp:attachment":[{"href":"https:\/\/www.opcina-kiseljak.org\/web\/wp-json\/wp\/v2\/media?parent=12043"}],"wp:term":[{"taxonomy":"category","embeddable":true,"href":"https:\/\/www.opcina-kiseljak.org\/web\/wp-json\/wp\/v2\/categories?post=12043"},{"taxonomy":"post_tag","embeddable":true,"href":"https:\/\/www.opcina-kiseljak.org\/web\/wp-json\/wp\/v2\/tags?post=12043"}],"curies":[{"name":"wp","href":"https:\/\/api.w.org\/{rel}","templated":true}]}}