{"id":12279,"date":"2026-03-13T14:21:42","date_gmt":"2026-03-13T13:21:42","guid":{"rendered":"https:\/\/www.opcina-kiseljak.org\/web\/?p=12279"},"modified":"2026-03-13T14:23:09","modified_gmt":"2026-03-13T13:23:09","slug":"javni-poziv-ministarstva-prostornog-uredenja-gradenja-zastite-okolisa-povratka-i-stambenih-poslova-kantona-sredisnja-bosna","status":"publish","type":"post","link":"https:\/\/www.opcina-kiseljak.org\/web\/12279\/","title":{"rendered":"Javni poziv Ministarstva prostornog ure\u0111enja, gra\u0111enja, za\u0161tite okoli\u0161a, povratka i stambenih poslova Kantona Sredi\u0161nja Bosna"},"content":{"rendered":"<p><span style=\"color: #000000;\"><strong>Ministarstvo prostornog ure\u0111enja, gra\u0111enja, za\u0161tite okoli\u0161a, povratka i stambenih poslova Kantona Sredi\u0161nja Bosna objavilo je Javni poziv za podno\u0161enje prijava za projekte Kapitalni transferi &#8211; poticaj povratku prognanih, obnovi i razvoju u 2026. godini, napominjemo kako je uz Javni poziv potrebno preuzeti popratnu dokumentaciju.\u00a0<\/strong><\/span><\/p>\n<p><span style=\"color: #000000;\">Dokumentaciju mo\u017eete preuzeti i na slu\u017ebenoj stranici navedenog ministarstva.\u00a0 <strong><a style=\"color: #000000;\" href=\"https:\/\/www.opcina-kiseljak.org\/web\/wp-content\/uploads\/2026\/03\/1-Prijavni-obrazac.docx\">1 Prijavni obrazac<\/a>,\u00a0 <a style=\"color: #000000;\" href=\"https:\/\/www.opcina-kiseljak.org\/web\/wp-content\/uploads\/2026\/03\/2-Izjava-o-nastavaku-vec-zapocetih-projekata.docx\">2 Izjava o nastavaku ve\u0107 zapo\u010detih projekata<\/a>, <a style=\"color: #000000;\" href=\"https:\/\/www.opcina-kiseljak.org\/web\/wp-content\/uploads\/2026\/03\/3-Izvjestaj-o-realizaciji-projekata-2025-godina.docx\">3 Izvje\u0161taj o realizaciji projekata 2025 godina<\/a>, <a style=\"color: #000000;\" href=\"https:\/\/www.opcina-kiseljak.org\/web\/wp-content\/uploads\/2026\/03\/4-Izjava-o-namjeri-za-vlastito-sufinanciranje-projekta.docx\">4 Izjava o namjeri za vlastito sufinanciranje projekta<\/a>, <a style=\"color: #000000;\" href=\"https:\/\/www.opcina-kiseljak.org\/web\/wp-content\/uploads\/2026\/03\/Lista-prioriteta.docx\">Lista prioriteta<\/a><\/strong><\/span><\/p>\n<p>&nbsp;<\/p>\n<a href=\"https:\/\/www.opcina-kiseljak.org\/web\/wp-content\/uploads\/2026\/03\/0178_260310105739_001.pdf\" class=\"pdfemb-viewer\" style=\"\" data-width=\"max\" data-height=\"max\" data-toolbar=\"both\" data-toolbar-fixed=\"on\">0178_260310105739_001<\/a>\n<p>&nbsp;<\/p>\n<p>&nbsp;<\/p>\n<p>&nbsp;<\/p>\n","protected":false},"excerpt":{"rendered":"<p>Ministarstvo prostornog ure\u0111enja, gra\u0111enja, za\u0161tite okoli\u0161a, povratka i stambenih poslova Kantona Sredi\u0161nja Bosna objavilo je Javni poziv za podno\u0161enje prijava za projekte Kapitalni transferi &#8211; poticaj povratku prognanih, obnovi i razvoju u 2026. godini, napominjemo kako je uz Javni poziv potrebno preuzeti popratnu dokumentaciju.\u00a0 Dokumentaciju mo\u017eete preuzeti i na slu\u017ebenoj stranici navedenog ministarstva.\u00a0 1 Prijavni [&hellip;]<\/p>\n","protected":false},"author":12,"featured_media":12289,"comment_status":"closed","ping_status":"closed","sticky":false,"template":"","format":"standard","meta":{"_et_pb_use_builder":"","_et_pb_old_content":"","_et_gb_content_width":"","footnotes":""},"categories":[9,10],"tags":[],"class_list":["post-12279","post","type-post","status-publish","format-standard","has-post-thumbnail","hentry","category-news","category-nnotification"],"_links":{"self":[{"href":"https:\/\/www.opcina-kiseljak.org\/web\/wp-json\/wp\/v2\/posts\/12279","targetHints":{"allow":["GET"]}}],"collection":[{"href":"https:\/\/www.opcina-kiseljak.org\/web\/wp-json\/wp\/v2\/posts"}],"about":[{"href":"https:\/\/www.opcina-kiseljak.org\/web\/wp-json\/wp\/v2\/types\/post"}],"author":[{"embeddable":true,"href":"https:\/\/www.opcina-kiseljak.org\/web\/wp-json\/wp\/v2\/users\/12"}],"replies":[{"embeddable":true,"href":"https:\/\/www.opcina-kiseljak.org\/web\/wp-json\/wp\/v2\/comments?post=12279"}],"version-history":[{"count":0,"href":"https:\/\/www.opcina-kiseljak.org\/web\/wp-json\/wp\/v2\/posts\/12279\/revisions"}],"wp:featuredmedia":[{"embeddable":true,"href":"https:\/\/www.opcina-kiseljak.org\/web\/wp-json\/wp\/v2\/media\/12289"}],"wp:attachment":[{"href":"https:\/\/www.opcina-kiseljak.org\/web\/wp-json\/wp\/v2\/media?parent=12279"}],"wp:term":[{"taxonomy":"category","embeddable":true,"href":"https:\/\/www.opcina-kiseljak.org\/web\/wp-json\/wp\/v2\/categories?post=12279"},{"taxonomy":"post_tag","embeddable":true,"href":"https:\/\/www.opcina-kiseljak.org\/web\/wp-json\/wp\/v2\/tags?post=12279"}],"curies":[{"name":"wp","href":"https:\/\/api.w.org\/{rel}","templated":true}]}}