{"id":12407,"date":"2026-04-03T08:23:49","date_gmt":"2026-04-03T07:23:49","guid":{"rendered":"https:\/\/www.opcina-kiseljak.org\/web\/?p=12407"},"modified":"2026-04-03T08:23:49","modified_gmt":"2026-04-03T07:23:49","slug":"uskrsna-cestitka-2","status":"publish","type":"post","link":"https:\/\/www.opcina-kiseljak.org\/web\/12407\/","title":{"rendered":"Uskrsna \u010destitka"},"content":{"rendered":"<p style=\"text-align: left;\"><span style=\"color: #000000;\">Ususret najve\u0107em kr\u0161\u0107anskom blagdanu, na\u010delnik Mladen Mi\u0161uri\u0107 Ramljak uputio je uskrsnu \u010destitku vjernicima katoli\u010dke vjeroispovijesti.<\/span><\/p>\n<p style=\"text-align: center;\">\n<p style=\"text-align: center;\">\n<p style=\"text-align: center;\"><span style=\"color: #000000;\"><em><strong>Drage sugra\u0111anke i dragi sugra\u0111ani,<\/strong><\/em><\/span><\/p>\n<p style=\"text-align: center;\"><span style=\"color: #000000;\"><strong><em>upu\u0107ujem iskrene \u010destitke povodom nastupaju\u0107eg blagdana Uskrsa.<\/em><\/strong><\/span><span style=\"color: #000000;\"><strong><em>\u00a0<\/em><\/strong><\/span><\/p>\n<p style=\"text-align: center;\"><span style=\"color: #000000;\"><strong><em>Uskrs kao najve\u0107i kr\u0161\u0107anski blagdan poziva nas na \u0161tovanje \u017eivota koji nam je s istinskom ljubavlju podario Bog, \u00a0pobjedu \u017eivota nad smr\u0107u.\u00a0<\/em><\/strong><\/span><br \/>\n<span style=\"color: #000000;\"><strong><em>Neka uskrsli Krist donese u va\u0161e domove obilje mira i blagoslova, <\/em><\/strong><\/span><span style=\"color: #000000;\"><strong><em>poruke Uskrsa neka nam budu vodilja i oslonac za \u017eivot.<\/em><\/strong><\/span><span style=\"color: #000000;\"><strong><em>\u00a0<\/em><\/strong><\/span><\/p>\n<p style=\"text-align: center;\"><span style=\"color: #000000;\"><strong><em>Svima Vama \u017eelim sretan i blagoslovljen Uskrs! <\/em><\/strong><\/span><span style=\"color: #000000;\"><strong>\u00a0<\/strong><\/span><\/p>\n<p style=\"text-align: center;\">\n<p style=\"text-align: center;\"><span style=\"color: #000000;\"><strong>Va\u0161 na\u010delnik<\/strong><\/span><br \/>\n<span style=\"color: #000000;\"><strong>Mladen Mi\u0161uri\u0107-Ramljak<\/strong><\/span><\/p>\n<p>&nbsp;<\/p>\n<div class=\"et_pb_slider et_pb_slider_fullwidth_off et_pb_gallery_post_type\">\n\t\t\t\t<div class=\"et_pb_slides\">\n\t\t\t\t\t<div class=\"et_pb_slide\" style=\"background: url(https:\/\/www.opcina-kiseljak.org\/web\/wp-content\/uploads\/2026\/04\/Opcina-Kiseljak.jpg);\"><\/div>\n\t\t\t\t<\/div>\n\t\t\t<\/div>\n","protected":false},"excerpt":{"rendered":"<p>Ususret najve\u0107em kr\u0161\u0107anskom blagdanu, na\u010delnik Mladen Mi\u0161uri\u0107 Ramljak uputio je uskrsnu \u010destitku vjernicima katoli\u010dke vjeroispovijesti. Drage sugra\u0111anke i dragi sugra\u0111ani, upu\u0107ujem iskrene \u010destitke povodom nastupaju\u0107eg blagdana Uskrsa.\u00a0 Uskrs kao najve\u0107i kr\u0161\u0107anski blagdan poziva nas na \u0161tovanje \u017eivota koji nam je s istinskom ljubavlju podario Bog, \u00a0pobjedu \u017eivota nad smr\u0107u.\u00a0 Neka uskrsli Krist donese u va\u0161e [&hellip;]<\/p>\n","protected":false},"author":2,"featured_media":12408,"comment_status":"closed","ping_status":"closed","sticky":false,"template":"","format":"standard","meta":{"_et_pb_use_builder":"","_et_pb_old_content":"","_et_gb_content_width":"","footnotes":""},"categories":[9,10],"tags":[],"class_list":["post-12407","post","type-post","status-publish","format-standard","has-post-thumbnail","hentry","category-news","category-nnotification"],"_links":{"self":[{"href":"https:\/\/www.opcina-kiseljak.org\/web\/wp-json\/wp\/v2\/posts\/12407","targetHints":{"allow":["GET"]}}],"collection":[{"href":"https:\/\/www.opcina-kiseljak.org\/web\/wp-json\/wp\/v2\/posts"}],"about":[{"href":"https:\/\/www.opcina-kiseljak.org\/web\/wp-json\/wp\/v2\/types\/post"}],"author":[{"embeddable":true,"href":"https:\/\/www.opcina-kiseljak.org\/web\/wp-json\/wp\/v2\/users\/2"}],"replies":[{"embeddable":true,"href":"https:\/\/www.opcina-kiseljak.org\/web\/wp-json\/wp\/v2\/comments?post=12407"}],"version-history":[{"count":0,"href":"https:\/\/www.opcina-kiseljak.org\/web\/wp-json\/wp\/v2\/posts\/12407\/revisions"}],"wp:featuredmedia":[{"embeddable":true,"href":"https:\/\/www.opcina-kiseljak.org\/web\/wp-json\/wp\/v2\/media\/12408"}],"wp:attachment":[{"href":"https:\/\/www.opcina-kiseljak.org\/web\/wp-json\/wp\/v2\/media?parent=12407"}],"wp:term":[{"taxonomy":"category","embeddable":true,"href":"https:\/\/www.opcina-kiseljak.org\/web\/wp-json\/wp\/v2\/categories?post=12407"},{"taxonomy":"post_tag","embeddable":true,"href":"https:\/\/www.opcina-kiseljak.org\/web\/wp-json\/wp\/v2\/tags?post=12407"}],"curies":[{"name":"wp","href":"https:\/\/api.w.org\/{rel}","templated":true}]}}